{"id":1160,"date":"2011-08-29T22:00:52","date_gmt":"2011-08-29T20:00:52","guid":{"rendered":"https:\/\/foerfurt.de\/?p=1160"},"modified":"2017-01-07T23:38:50","modified_gmt":"2017-01-07T21:38:50","slug":"flotte-klaenge-fuer-erfurt-mit-dem-fanfarenorchester","status":"publish","type":"post","link":"https:\/\/foerfurt.de\/?p=1160","title":{"rendered":"Flotte Kl\u00e4nge f\u00fcr Erfurt mit dem Fanfarenorchester"},"content":{"rendered":"<p>Laute Fanfarenkl\u00e4nge lockten die Bewohner der Rosa-Luxemburg-Stra\u00dfe am Samstagnachmittag aus ihren H\u00e4usern. Die zu einen Marsch anregenden Rhythmen aus der Johannes-Grundschule geh\u00f6rten zum &#8222;Tag der offenen T\u00fcr&#8220; des Fanfarenorchesters Erfurt. Mit stimmungsvoller Musik, Tanz und guter Laune pr\u00e4sentierte sich der Verein den erschienen Musikliebhabern.<\/p>\n<p>&#8222;Leider sind es nicht so viele wie erhofft&#8220;, sagte Vereinsvorsitzende Angelika Gottschall. Ob dies vielleicht an dem Ruf der Fanfare liegt, ist sich Gottschall nicht sicher. &#8222;Viele h\u00f6ren Fanfare und stellen sich darunter nur Marschmusik aus der DDR vor. Dabei spielen wir auch Samba-Rhythmen und flotte St\u00fccke.&#8220; Vor allem an Nachwuchs fehlt es dem Verein, obwohl er neben Musik- auch Tanzunterricht anbietet. Die Tanzm\u00e4dchen ab sechs Jahren sind ein fester Bestandteil des Fanfarenorchesters und begleiten die Musiker bei ihren Auftritten.<\/p>\n<p>Die rund 60 Mitglieder haben das Jahr \u00fcber alle H\u00e4nde voll zu tun. Seit 61 Jahren verlangen Fasching, Oktoberfest sowie Auftritte bei gr\u00f6\u00dferen Festivit\u00e4ten viel Einsatz und Begeisterung. Daran fehlt es den Musikern sicher nicht, nur eben an der Mitgliederzahl. &#8222;Konkurrenz f\u00fcr uns sind die Musikschulen. Dabei bieten wir unseren Mitgliedern die M\u00f6glichkeit, mit Fanfare und Orchester zu spielen. Diese Kombination ist recht selten&#8220;, sagt Gottschall. Auch f\u00fcr Erwachsene bietet das Fanfarenorchester Erfurt die Chance, ein Instrument zu erlernen. Das besondere Etwas an dem Verein ist f\u00fcr Stabsf\u00fchrerin Gottschall, dass hier Generationen \u00fcbergreifend musiziert werden kann. &#8222;Unser j\u00fcngstes Mitglied ist sechs, das \u00e4lteste 76. Hier k\u00f6nnen Opa und Enkel gemeinsam Spa\u00df haben.&#8220;<\/p>\n<p>Aus der Th\u00fcringer Allgemeine vom 29.08.2011<br \/>\nElisabeth Addicks<\/p>\n<h3>Related Images:<\/h3>","protected":false},"excerpt":{"rendered":"<p>Laute Fanfarenkl\u00e4nge lockten die Bewohner der Rosa-Luxemburg-Stra\u00dfe am Samstagnachmittag aus ihren H\u00e4usern. Die zu einen Marsch anregenden Rhythmen aus der Johannes-Grundschule geh\u00f6rten zum &#8222;Tag der offenen T\u00fcr&#8220; des Fanfarenorchesters Erfurt. Mit stimmungsvoller Musik, Tanz und guter Laune pr\u00e4sentierte sich der Verein den erschienen Musikliebhabern. &#8222;Leider sind es nicht so viele wie erhofft&#8220;, sagte Vereinsvorsitzende Angelika [&hellip;]<\/p>\n","protected":false},"author":1,"featured_media":0,"comment_status":"open","ping_status":"closed","sticky":false,"template":"","format":"standard","meta":{"ngg_post_thumbnail":0,"footnotes":""},"categories":[1],"tags":[],"class_list":["post-1160","post","type-post","status-publish","format-standard","hentry","category-allgemein"],"_links":{"self":[{"href":"https:\/\/foerfurt.de\/index.php?rest_route=\/wp\/v2\/posts\/1160","targetHints":{"allow":["GET"]}}],"collection":[{"href":"https:\/\/foerfurt.de\/index.php?rest_route=\/wp\/v2\/posts"}],"about":[{"href":"https:\/\/foerfurt.de\/index.php?rest_route=\/wp\/v2\/types\/post"}],"author":[{"embeddable":true,"href":"https:\/\/foerfurt.de\/index.php?rest_route=\/wp\/v2\/users\/1"}],"replies":[{"embeddable":true,"href":"https:\/\/foerfurt.de\/index.php?rest_route=%2Fwp%2Fv2%2Fcomments&post=1160"}],"version-history":[{"count":0,"href":"https:\/\/foerfurt.de\/index.php?rest_route=\/wp\/v2\/posts\/1160\/revisions"}],"wp:attachment":[{"href":"https:\/\/foerfurt.de\/index.php?rest_route=%2Fwp%2Fv2%2Fmedia&parent=1160"}],"wp:term":[{"taxonomy":"category","embeddable":true,"href":"https:\/\/foerfurt.de\/index.php?rest_route=%2Fwp%2Fv2%2Fcategories&post=1160"},{"taxonomy":"post_tag","embeddable":true,"href":"https:\/\/foerfurt.de\/index.php?rest_route=%2Fwp%2Fv2%2Ftags&post=1160"}],"curies":[{"name":"wp","href":"https:\/\/api.w.org\/{rel}","templated":true}]}}